{"id":198,"date":"2021-06-25T13:33:37","date_gmt":"2021-06-25T11:33:37","guid":{"rendered":"http:\/\/formapavi.com\/blog\/?p=198"},"modified":"2021-06-25T13:33:37","modified_gmt":"2021-06-25T11:33:37","slug":"elegir-instalacion-de-parquet-laminado-en-sabadell","status":"publish","type":"post","link":"https:\/\/www.formapavi.com\/blog\/elegir-instalacion-de-parquet-laminado-en-sabadell\/","title":{"rendered":"Elegir<strong>instalaci\u00f3n de Parquet laminado en Sabadell<\/strong>"},"content":{"rendered":"\n<p> Se acerca las vacaciones de verano y muchas personas est\u00e1n pensando en realizar reformas en sus hogares; una de las principales decisiones que se debe debemos tomar es si elegir <strong>la instalaci\u00f3n de Parquet laminado en Sabadell<\/strong>. <\/p>\n\n\n\n<p>Entre ellas las personas que est\u00e1n pensando en instalar <strong>suelo <\/strong> <strong>Parquet laminado<\/strong> <strong> en Sabadell<\/strong>. Os traemos las ventajas e inconvenientes de poner <strong>suelo <\/strong> <strong>Parquet laminado<\/strong> <strong> en Sabadell<\/strong>. <\/p>\n\n\n\n<p>Es probable que nuestra decisi\u00f3n en principio este atada a nuestro presupuesto, no obstante, debemos tener presente las diferencias en cuento a durabilidad, dise\u00f1os y est\u00e9tica que pueden presentarse al realizar la <strong>instalaci\u00f3n de parquet laminado en Sabadell.<\/strong><\/p>\n\n\n\n<p> Ventajas de la<strong> instalaci\u00f3n de parquet:<\/strong><\/p>\n\n\n\n<ul class=\"wp-block-list\"><li>Son suelos de alta durabilidad.<\/li><li>La garant\u00eda de los fabricantes puede ser por m\u00e1s de una d\u00e9cada.<\/li><li>Su instalaci\u00f3n se puede realizar sobre la mayor\u00eda de los suelos.<\/li><li>Son una de las opciones m\u00e1s econ\u00f3micas del mercado.<\/li><li>Se puede encontrar una oferta variada en cuanto a su uso y calidad.<\/li><li>Existe una gran variedad de dise\u00f1os.<\/li><li>Su limpieza y mantenimiento se puede hacer con facilidad.<\/li><li>Son un producto con sello ecol\u00f3gico.<\/li><\/ul>\n\n\n\n<p>Si requieres asesor\u00eda para decidir si realizas la<strong> instalaci\u00f3n de suelo vin\u00edlico PVC o parquet laminado en Sabadell <\/strong>o en cualquier lugar de la provincia de Barcelona, no dudes en contactarnos. \u00a1Solicita ya tu presupuesto!  <\/p>\n\n\n\n<div class=\"wp-block-button aligncenter\"><a class=\"wp-block-button__link has-background\" href=\"http:\/\/www.formapavi.com\/contactar\" style=\"background-color:#b70305\">  \u00a1Solita tu presupuesto aqu\u00ed!  <\/a><\/div>\n","protected":false},"excerpt":{"rendered":"<p>Se acerca las vacaciones de verano y muchas personas est\u00e1n pensando en realizar reformas en sus hogares; una de las principales decisiones que se debe debemos tomar es si elegir la instalaci\u00f3n de Parquet laminado en Sabadell. Entre ellas las personas que est\u00e1n pensando en instalar suelo Parquet laminado en Sabadell. Os traemos las ventajas [&hellip;]<\/p>\n","protected":false},"author":1,"featured_media":202,"comment_status":"open","ping_status":"open","sticky":false,"template":"","format":"standard","meta":{"footnotes":""},"categories":[3],"tags":[12,25,14,41,40],"class_list":["post-198","post","type-post","status-publish","format-standard","has-post-thumbnail","hentry","category-parquet","tag-instalacion","tag-instalacion-de-parquet","tag-parquet","tag-parquet-laminado","tag-sabadell"],"yoast_head":"<!-- This site is optimized with the Yoast SEO plugin v23.6 - https:\/\/yoast.com\/wordpress\/plugins\/seo\/ -->\n<title>Elegir instalaci\u00f3n de Parquet laminado en Sabadell - FormaPavi<\/title>\n<meta name=\"robots\" content=\"index, follow, max-snippet:-1, max-image-preview:large, max-video-preview:-1\" \/>\n<link rel=\"canonical\" href=\"https:\/\/www.formapavi.com\/blog\/elegir-instalacion-de-parquet-laminado-en-sabadell\/\" \/>\n<meta property=\"og:locale\" content=\"es_ES\" \/>\n<meta property=\"og:type\" content=\"article\" \/>\n<meta property=\"og:title\" content=\"Elegir instalaci\u00f3n de Parquet laminado en Sabadell - FormaPavi\" \/>\n<meta property=\"og:description\" content=\"Se acerca las vacaciones de verano y muchas personas est\u00e1n pensando en realizar reformas en sus hogares; una de las principales decisiones que se debe debemos tomar es si elegir la instalaci\u00f3n de Parquet laminado en Sabadell. Entre ellas las personas que est\u00e1n pensando en instalar suelo Parquet laminado en Sabadell. Os traemos las ventajas [&hellip;]\" \/>\n<meta property=\"og:url\" content=\"https:\/\/www.formapavi.com\/blog\/elegir-instalacion-de-parquet-laminado-en-sabadell\/\" \/>\n<meta property=\"og:site_name\" content=\"FormaPavi\" \/>\n<meta property=\"article:publisher\" content=\"https:\/\/www.facebook.com\/formapavi\/\" \/>\n<meta property=\"article:published_time\" content=\"2021-06-25T11:33:37+00:00\" \/>\n<meta property=\"og:image\" content=\"https:\/\/www.formapavi.com\/blog\/wp-content\/uploads\/2021\/06\/instalacion-Parquet-laminado-Sabadell.jpg\" \/>\n\t<meta property=\"og:image:width\" content=\"1920\" \/>\n\t<meta property=\"og:image:height\" content=\"1080\" \/>\n\t<meta property=\"og:image:type\" content=\"image\/jpeg\" \/>\n<meta name=\"author\" content=\"fomapavi\" \/>\n<meta name=\"twitter:card\" content=\"summary_large_image\" \/>\n<meta name=\"twitter:label1\" content=\"Escrito por\" \/>\n\t<meta name=\"twitter:data1\" content=\"fomapavi\" \/>\n\t<meta name=\"twitter:label2\" content=\"Tiempo de lectura\" \/>\n\t<meta name=\"twitter:data2\" content=\"1 minuto\" \/>\n<script type=\"application\/ld+json\" class=\"yoast-schema-graph\">{\"@context\":\"https:\/\/schema.org\",\"@graph\":[{\"@type\":\"Article\",\"@id\":\"https:\/\/www.formapavi.com\/blog\/elegir-instalacion-de-parquet-laminado-en-sabadell\/#article\",\"isPartOf\":{\"@id\":\"https:\/\/www.formapavi.com\/blog\/elegir-instalacion-de-parquet-laminado-en-sabadell\/\"},\"author\":{\"name\":\"fomapavi\",\"@id\":\"https:\/\/www.formapavi.com\/blog\/#\/schema\/person\/9fd2a7b1c6dc97054c9699ad4551e1e1\"},\"headline\":\"Elegirinstalaci\u00f3n de Parquet laminado en Sabadell\",\"datePublished\":\"2021-06-25T11:33:37+00:00\",\"dateModified\":\"2021-06-25T11:33:37+00:00\",\"mainEntityOfPage\":{\"@id\":\"https:\/\/www.formapavi.com\/blog\/elegir-instalacion-de-parquet-laminado-en-sabadell\/\"},\"wordCount\":246,\"commentCount\":0,\"publisher\":{\"@id\":\"https:\/\/www.formapavi.com\/blog\/#organization\"},\"image\":{\"@id\":\"https:\/\/www.formapavi.com\/blog\/elegir-instalacion-de-parquet-laminado-en-sabadell\/#primaryimage\"},\"thumbnailUrl\":\"https:\/\/www.formapavi.com\/blog\/wp-content\/uploads\/2021\/06\/instalacion-Parquet-laminado-Sabadell.jpg\",\"keywords\":[\"instalaci\u00f3n\",\"instalaci\u00f3n de parquet\",\"parquet\",\"Parquet laminado\",\"Sabadell\"],\"articleSection\":[\"Parquet\"],\"inLanguage\":\"es\",\"potentialAction\":[{\"@type\":\"CommentAction\",\"name\":\"Comment\",\"target\":[\"https:\/\/www.formapavi.com\/blog\/elegir-instalacion-de-parquet-laminado-en-sabadell\/#respond\"]}]},{\"@type\":\"WebPage\",\"@id\":\"https:\/\/www.formapavi.com\/blog\/elegir-instalacion-de-parquet-laminado-en-sabadell\/\",\"url\":\"https:\/\/www.formapavi.com\/blog\/elegir-instalacion-de-parquet-laminado-en-sabadell\/\",\"name\":\"Elegir instalaci\u00f3n de Parquet laminado en Sabadell - FormaPavi\",\"isPartOf\":{\"@id\":\"https:\/\/www.formapavi.com\/blog\/#website\"},\"primaryImageOfPage\":{\"@id\":\"https:\/\/www.formapavi.com\/blog\/elegir-instalacion-de-parquet-laminado-en-sabadell\/#primaryimage\"},\"image\":{\"@id\":\"https:\/\/www.formapavi.com\/blog\/elegir-instalacion-de-parquet-laminado-en-sabadell\/#primaryimage\"},\"thumbnailUrl\":\"https:\/\/www.formapavi.com\/blog\/wp-content\/uploads\/2021\/06\/instalacion-Parquet-laminado-Sabadell.jpg\",\"datePublished\":\"2021-06-25T11:33:37+00:00\",\"dateModified\":\"2021-06-25T11:33:37+00:00\",\"breadcrumb\":{\"@id\":\"https:\/\/www.formapavi.com\/blog\/elegir-instalacion-de-parquet-laminado-en-sabadell\/#breadcrumb\"},\"inLanguage\":\"es\",\"potentialAction\":[{\"@type\":\"ReadAction\",\"target\":[\"https:\/\/www.formapavi.com\/blog\/elegir-instalacion-de-parquet-laminado-en-sabadell\/\"]}]},{\"@type\":\"ImageObject\",\"inLanguage\":\"es\",\"@id\":\"https:\/\/www.formapavi.com\/blog\/elegir-instalacion-de-parquet-laminado-en-sabadell\/#primaryimage\",\"url\":\"https:\/\/www.formapavi.com\/blog\/wp-content\/uploads\/2021\/06\/instalacion-Parquet-laminado-Sabadell.jpg\",\"contentUrl\":\"https:\/\/www.formapavi.com\/blog\/wp-content\/uploads\/2021\/06\/instalacion-Parquet-laminado-Sabadell.jpg\",\"width\":1920,\"height\":1080,\"caption\":\"instalaci\u00f3n de Parquet laminado en Sabadell\"},{\"@type\":\"BreadcrumbList\",\"@id\":\"https:\/\/www.formapavi.com\/blog\/elegir-instalacion-de-parquet-laminado-en-sabadell\/#breadcrumb\",\"itemListElement\":[{\"@type\":\"ListItem\",\"position\":1,\"name\":\"Portada\",\"item\":\"https:\/\/www.formapavi.com\/blog\/\"},{\"@type\":\"ListItem\",\"position\":2,\"name\":\"Elegirinstalaci\u00f3n de Parquet laminado en Sabadell\"}]},{\"@type\":\"WebSite\",\"@id\":\"https:\/\/www.formapavi.com\/blog\/#website\",\"url\":\"https:\/\/www.formapavi.com\/blog\/\",\"name\":\"Forma Pavi\",\"description\":\"Instalaci\u00f3n de parquet, moquetas, ...\",\"publisher\":{\"@id\":\"https:\/\/www.formapavi.com\/blog\/#organization\"},\"potentialAction\":[{\"@type\":\"SearchAction\",\"target\":{\"@type\":\"EntryPoint\",\"urlTemplate\":\"https:\/\/www.formapavi.com\/blog\/?s={search_term_string}\"},\"query-input\":{\"@type\":\"PropertyValueSpecification\",\"valueRequired\":true,\"valueName\":\"search_term_string\"}}],\"inLanguage\":\"es\"},{\"@type\":\"Organization\",\"@id\":\"https:\/\/www.formapavi.com\/blog\/#organization\",\"name\":\"FormaPavi\",\"url\":\"https:\/\/www.formapavi.com\/blog\/\",\"logo\":{\"@type\":\"ImageObject\",\"inLanguage\":\"es\",\"@id\":\"https:\/\/www.formapavi.com\/blog\/#\/schema\/logo\/image\/\",\"url\":\"https:\/\/www.formapavi.com\/blog\/wp-content\/uploads\/2024\/10\/logo-forma-pavi.jpg\",\"contentUrl\":\"https:\/\/www.formapavi.com\/blog\/wp-content\/uploads\/2024\/10\/logo-forma-pavi.jpg\",\"width\":105,\"height\":60,\"caption\":\"FormaPavi\"},\"image\":{\"@id\":\"https:\/\/www.formapavi.com\/blog\/#\/schema\/logo\/image\/\"},\"sameAs\":[\"https:\/\/www.facebook.com\/formapavi\/\",\"https:\/\/www.instagram.com\/formapavis.l\"]},{\"@type\":\"Person\",\"@id\":\"https:\/\/www.formapavi.com\/blog\/#\/schema\/person\/9fd2a7b1c6dc97054c9699ad4551e1e1\",\"name\":\"fomapavi\",\"image\":{\"@type\":\"ImageObject\",\"inLanguage\":\"es\",\"@id\":\"https:\/\/www.formapavi.com\/blog\/#\/schema\/person\/image\/\",\"url\":\"https:\/\/secure.gravatar.com\/avatar\/2a7daf6412e2cdf436ffa25dedfd26a8da1527bd77b9b621be11107a92108320?s=96&d=mm&r=g\",\"contentUrl\":\"https:\/\/secure.gravatar.com\/avatar\/2a7daf6412e2cdf436ffa25dedfd26a8da1527bd77b9b621be11107a92108320?s=96&d=mm&r=g\",\"caption\":\"fomapavi\"}}]}<\/script>\n<!-- \/ Yoast SEO plugin. -->","yoast_head_json":{"title":"Elegir instalaci\u00f3n de Parquet laminado en Sabadell - FormaPavi","robots":{"index":"index","follow":"follow","max-snippet":"max-snippet:-1","max-image-preview":"max-image-preview:large","max-video-preview":"max-video-preview:-1"},"canonical":"https:\/\/www.formapavi.com\/blog\/elegir-instalacion-de-parquet-laminado-en-sabadell\/","og_locale":"es_ES","og_type":"article","og_title":"Elegir instalaci\u00f3n de Parquet laminado en Sabadell - FormaPavi","og_description":"Se acerca las vacaciones de verano y muchas personas est\u00e1n pensando en realizar reformas en sus hogares; una de las principales decisiones que se debe debemos tomar es si elegir la instalaci\u00f3n de Parquet laminado en Sabadell. Entre ellas las personas que est\u00e1n pensando en instalar suelo Parquet laminado en Sabadell. Os traemos las ventajas [&hellip;]","og_url":"https:\/\/www.formapavi.com\/blog\/elegir-instalacion-de-parquet-laminado-en-sabadell\/","og_site_name":"FormaPavi","article_publisher":"https:\/\/www.facebook.com\/formapavi\/","article_published_time":"2021-06-25T11:33:37+00:00","og_image":[{"width":1920,"height":1080,"url":"https:\/\/www.formapavi.com\/blog\/wp-content\/uploads\/2021\/06\/instalacion-Parquet-laminado-Sabadell.jpg","type":"image\/jpeg"}],"author":"fomapavi","twitter_card":"summary_large_image","twitter_misc":{"Escrito por":"fomapavi","Tiempo de lectura":"1 minuto"},"schema":{"@context":"https:\/\/schema.org","@graph":[{"@type":"Article","@id":"https:\/\/www.formapavi.com\/blog\/elegir-instalacion-de-parquet-laminado-en-sabadell\/#article","isPartOf":{"@id":"https:\/\/www.formapavi.com\/blog\/elegir-instalacion-de-parquet-laminado-en-sabadell\/"},"author":{"name":"fomapavi","@id":"https:\/\/www.formapavi.com\/blog\/#\/schema\/person\/9fd2a7b1c6dc97054c9699ad4551e1e1"},"headline":"Elegirinstalaci\u00f3n de Parquet laminado en Sabadell","datePublished":"2021-06-25T11:33:37+00:00","dateModified":"2021-06-25T11:33:37+00:00","mainEntityOfPage":{"@id":"https:\/\/www.formapavi.com\/blog\/elegir-instalacion-de-parquet-laminado-en-sabadell\/"},"wordCount":246,"commentCount":0,"publisher":{"@id":"https:\/\/www.formapavi.com\/blog\/#organization"},"image":{"@id":"https:\/\/www.formapavi.com\/blog\/elegir-instalacion-de-parquet-laminado-en-sabadell\/#primaryimage"},"thumbnailUrl":"https:\/\/www.formapavi.com\/blog\/wp-content\/uploads\/2021\/06\/instalacion-Parquet-laminado-Sabadell.jpg","keywords":["instalaci\u00f3n","instalaci\u00f3n de parquet","parquet","Parquet laminado","Sabadell"],"articleSection":["Parquet"],"inLanguage":"es","potentialAction":[{"@type":"CommentAction","name":"Comment","target":["https:\/\/www.formapavi.com\/blog\/elegir-instalacion-de-parquet-laminado-en-sabadell\/#respond"]}]},{"@type":"WebPage","@id":"https:\/\/www.formapavi.com\/blog\/elegir-instalacion-de-parquet-laminado-en-sabadell\/","url":"https:\/\/www.formapavi.com\/blog\/elegir-instalacion-de-parquet-laminado-en-sabadell\/","name":"Elegir instalaci\u00f3n de Parquet laminado en Sabadell - FormaPavi","isPartOf":{"@id":"https:\/\/www.formapavi.com\/blog\/#website"},"primaryImageOfPage":{"@id":"https:\/\/www.formapavi.com\/blog\/elegir-instalacion-de-parquet-laminado-en-sabadell\/#primaryimage"},"image":{"@id":"https:\/\/www.formapavi.com\/blog\/elegir-instalacion-de-parquet-laminado-en-sabadell\/#primaryimage"},"thumbnailUrl":"https:\/\/www.formapavi.com\/blog\/wp-content\/uploads\/2021\/06\/instalacion-Parquet-laminado-Sabadell.jpg","datePublished":"2021-06-25T11:33:37+00:00","dateModified":"2021-06-25T11:33:37+00:00","breadcrumb":{"@id":"https:\/\/www.formapavi.com\/blog\/elegir-instalacion-de-parquet-laminado-en-sabadell\/#breadcrumb"},"inLanguage":"es","potentialAction":[{"@type":"ReadAction","target":["https:\/\/www.formapavi.com\/blog\/elegir-instalacion-de-parquet-laminado-en-sabadell\/"]}]},{"@type":"ImageObject","inLanguage":"es","@id":"https:\/\/www.formapavi.com\/blog\/elegir-instalacion-de-parquet-laminado-en-sabadell\/#primaryimage","url":"https:\/\/www.formapavi.com\/blog\/wp-content\/uploads\/2021\/06\/instalacion-Parquet-laminado-Sabadell.jpg","contentUrl":"https:\/\/www.formapavi.com\/blog\/wp-content\/uploads\/2021\/06\/instalacion-Parquet-laminado-Sabadell.jpg","width":1920,"height":1080,"caption":"instalaci\u00f3n de Parquet laminado en Sabadell"},{"@type":"BreadcrumbList","@id":"https:\/\/www.formapavi.com\/blog\/elegir-instalacion-de-parquet-laminado-en-sabadell\/#breadcrumb","itemListElement":[{"@type":"ListItem","position":1,"name":"Portada","item":"https:\/\/www.formapavi.com\/blog\/"},{"@type":"ListItem","position":2,"name":"Elegirinstalaci\u00f3n de Parquet laminado en Sabadell"}]},{"@type":"WebSite","@id":"https:\/\/www.formapavi.com\/blog\/#website","url":"https:\/\/www.formapavi.com\/blog\/","name":"Forma Pavi","description":"Instalaci\u00f3n de parquet, moquetas, ...","publisher":{"@id":"https:\/\/www.formapavi.com\/blog\/#organization"},"potentialAction":[{"@type":"SearchAction","target":{"@type":"EntryPoint","urlTemplate":"https:\/\/www.formapavi.com\/blog\/?s={search_term_string}"},"query-input":{"@type":"PropertyValueSpecification","valueRequired":true,"valueName":"search_term_string"}}],"inLanguage":"es"},{"@type":"Organization","@id":"https:\/\/www.formapavi.com\/blog\/#organization","name":"FormaPavi","url":"https:\/\/www.formapavi.com\/blog\/","logo":{"@type":"ImageObject","inLanguage":"es","@id":"https:\/\/www.formapavi.com\/blog\/#\/schema\/logo\/image\/","url":"https:\/\/www.formapavi.com\/blog\/wp-content\/uploads\/2024\/10\/logo-forma-pavi.jpg","contentUrl":"https:\/\/www.formapavi.com\/blog\/wp-content\/uploads\/2024\/10\/logo-forma-pavi.jpg","width":105,"height":60,"caption":"FormaPavi"},"image":{"@id":"https:\/\/www.formapavi.com\/blog\/#\/schema\/logo\/image\/"},"sameAs":["https:\/\/www.facebook.com\/formapavi\/","https:\/\/www.instagram.com\/formapavis.l"]},{"@type":"Person","@id":"https:\/\/www.formapavi.com\/blog\/#\/schema\/person\/9fd2a7b1c6dc97054c9699ad4551e1e1","name":"fomapavi","image":{"@type":"ImageObject","inLanguage":"es","@id":"https:\/\/www.formapavi.com\/blog\/#\/schema\/person\/image\/","url":"https:\/\/secure.gravatar.com\/avatar\/2a7daf6412e2cdf436ffa25dedfd26a8da1527bd77b9b621be11107a92108320?s=96&d=mm&r=g","contentUrl":"https:\/\/secure.gravatar.com\/avatar\/2a7daf6412e2cdf436ffa25dedfd26a8da1527bd77b9b621be11107a92108320?s=96&d=mm&r=g","caption":"fomapavi"}}]}},"_links":{"self":[{"href":"https:\/\/www.formapavi.com\/blog\/wp-json\/wp\/v2\/posts\/198","targetHints":{"allow":["GET"]}}],"collection":[{"href":"https:\/\/www.formapavi.com\/blog\/wp-json\/wp\/v2\/posts"}],"about":[{"href":"https:\/\/www.formapavi.com\/blog\/wp-json\/wp\/v2\/types\/post"}],"author":[{"embeddable":true,"href":"https:\/\/www.formapavi.com\/blog\/wp-json\/wp\/v2\/users\/1"}],"replies":[{"embeddable":true,"href":"https:\/\/www.formapavi.com\/blog\/wp-json\/wp\/v2\/comments?post=198"}],"version-history":[{"count":2,"href":"https:\/\/www.formapavi.com\/blog\/wp-json\/wp\/v2\/posts\/198\/revisions"}],"predecessor-version":[{"id":201,"href":"https:\/\/www.formapavi.com\/blog\/wp-json\/wp\/v2\/posts\/198\/revisions\/201"}],"wp:featuredmedia":[{"embeddable":true,"href":"https:\/\/www.formapavi.com\/blog\/wp-json\/wp\/v2\/media\/202"}],"wp:attachment":[{"href":"https:\/\/www.formapavi.com\/blog\/wp-json\/wp\/v2\/media?parent=198"}],"wp:term":[{"taxonomy":"category","embeddable":true,"href":"https:\/\/www.formapavi.com\/blog\/wp-json\/wp\/v2\/categories?post=198"},{"taxonomy":"post_tag","embeddable":true,"href":"https:\/\/www.formapavi.com\/blog\/wp-json\/wp\/v2\/tags?post=198"}],"curies":[{"name":"wp","href":"https:\/\/api.w.org\/{rel}","templated":true}]}}