{"id":191,"date":"2021-06-25T10:18:13","date_gmt":"2021-06-25T08:18:13","guid":{"rendered":"http:\/\/formapavi.com\/blog\/?p=191"},"modified":"2021-06-25T13:43:09","modified_gmt":"2021-06-25T11:43:09","slug":"como-elegir-entre-la-instalacion-de-suelo-vinilico-pvc-o-parquet-laminado-en-sabadell","status":"publish","type":"post","link":"https:\/\/www.formapavi.com\/blog\/como-elegir-entre-la-instalacion-de-suelo-vinilico-pvc-o-parquet-laminado-en-sabadell\/","title":{"rendered":"C\u00f3mo elegir entre la <strong>instalaci\u00f3n de suelo vin\u00edlico PVC o Parquet laminado en Sabadell<\/strong>"},"content":{"rendered":"\n<p>Se acerca las vacaciones de verano y\nmuchas personas est\u00e1n pensando en realizar reformas en sus hogares; una de las\nprincipales decisiones que se debe debemos tomar es elegir entre la <strong>instalaci\u00f3n\nde suelo vin\u00edlico PVC o Parquet laminado en Sabadell<\/strong>.<\/p>\n\n\n\n<p>Es probable que nuestra decisi\u00f3n en\nprincipio este atada a nuestro presupuesto, no obstante, debemos tener presente\nlas diferencias en cuento a durabilidad, dise\u00f1os y est\u00e9tica que pueden\npresentarse al realizar la <strong>instalaci\u00f3n de suelo vin\u00edlico PVC o parquet\nlaminado en Sabadell.<\/strong><\/p>\n\n\n\n<p>A continuaci\u00f3n, conoce las principales\nventajas de la <strong>instalaci\u00f3n de suelo vin\u00edlico PVC o parquet laminado en\nSabadell.<\/strong><\/p>\n\n\n\n<p>Ventajas de la<strong> instalaci\u00f3n de suelo vin\u00edlico PVC:<\/strong><\/p>\n\n\n\n<ul class=\"wp-block-list\"><li>Se pueden usar en zonas h\u00famedas.<\/li><li>Su instalaci\u00f3n no es compleja, pero si debe hacerse con cuidado.<\/li><li>Tienen una gran variedad de dise\u00f1os que facilitan las\ncombinaciones con los dem\u00e1s elementos del hogar.<\/li><li>No acumulan tantas impurezas, lo que los hace m\u00e1s higi\u00e9nicos.<\/li><li>Su limpieza y mantenimiento se puede hacer con facilidad.<\/li><\/ul>\n\n\n\n<p>Ventajas de la<strong> instalaci\u00f3n de parquet:<\/strong><\/p>\n\n\n\n<ul class=\"wp-block-list\"><li>Son suelos de\nalta durabilidad.<\/li><li>La garant\u00eda de\nlos fabricantes puede ser por m\u00e1s de una d\u00e9cada.<\/li><li>Su instalaci\u00f3n\nse puede realizar sobre la mayor\u00eda de los suelos.<\/li><li>Son una de las\nopciones m\u00e1s econ\u00f3micas del mercado.<\/li><li>Se puede encontrar\nuna oferta variada en cuanto a su uso y calidad.<\/li><li>Existe una gran variedad de dise\u00f1os.<\/li><li>Su limpieza y mantenimiento se puede hacer con facilidad.<\/li><li>Son un producto con sello ecol\u00f3gico.<\/li><\/ul>\n\n\n\n<p>Es indispensable para la mejor toma de\ndecisiones conocer tambi\u00e9n las principales desventajas para a la hora de elegir\nla\n<strong>instalaci\u00f3n de suelo vin\u00edlico PVC o parquet laminado en Sabadell.<\/strong><\/p>\n\n\n\n<p>Desventajasdela<strong>\ninstalaci\u00f3n de suelo vin\u00edlico PVC:<\/strong><\/p>\n\n\n\n<ul class=\"wp-block-list\"><li>Baja dureza<\/li><li>Tienen una mayor\nsensibilidad a las temperaturas altas<\/li><li>Pueden\ndecolorarse si est\u00e1n expuestos al sol de forma directa y prolongada.<\/li><li>Su precio comparado\nes m\u00e1s elevado comparado con el parquet laminado.<\/li><\/ul>\n\n\n\n<p>Si requieres asesor\u00eda para decidir si realizas la<strong> instalaci\u00f3n de suelo vin\u00edlico PVC o parquet laminado en Sabadell <\/strong>o en cualquier lugar de la provincia de Barcelona, no dudes en contactarnos. \u00a1Solicita ya tu presupuesto! <\/p>\n\n\n\n<div class=\"wp-block-button aligncenter\"><a class=\"wp-block-button__link has-background\" href=\"http:\/\/www.formapavi.com\/contactar\" style=\"background-color:#b70305\"> \u00a1Solita tu presupuesto aqu\u00ed! <\/a><\/div>\n\n\n\n<p><\/p>\n","protected":false},"excerpt":{"rendered":"<p>Se acerca las vacaciones de verano y muchas personas est\u00e1n pensando en realizar reformas en sus hogares; una de las principales decisiones que se debe debemos tomar es elegir entre la instalaci\u00f3n de suelo vin\u00edlico PVC o Parquet laminado en Sabadell. Es probable que nuestra decisi\u00f3n en principio este atada a nuestro presupuesto, no obstante, [&hellip;]<\/p>\n","protected":false},"author":1,"featured_media":193,"comment_status":"open","ping_status":"open","sticky":false,"template":"","format":"standard","meta":{"footnotes":""},"categories":[36,3,35,5],"tags":[25,39,14,21,37,40,38],"class_list":["post-191","post","type-post","status-publish","format-standard","has-post-thumbnail","hentry","category-instalacion","category-parquet","category-pavimento","category-pvc","tag-instalacion-de-parquet","tag-instalacion-de-suelo","tag-parquet","tag-pavimento","tag-pvc","tag-sabadell","tag-suelo-vinilico"],"yoast_head":"<!-- This site is optimized with the Yoast SEO plugin v23.6 - https:\/\/yoast.com\/wordpress\/plugins\/seo\/ -->\n<title>C\u00f3mo elegir entre la instalaci\u00f3n de suelo vin\u00edlico PVC o Parquet laminado en Sabadell - FormaPavi<\/title>\n<meta name=\"robots\" content=\"index, follow, max-snippet:-1, max-image-preview:large, max-video-preview:-1\" \/>\n<link rel=\"canonical\" href=\"https:\/\/www.formapavi.com\/blog\/como-elegir-entre-la-instalacion-de-suelo-vinilico-pvc-o-parquet-laminado-en-sabadell\/\" \/>\n<meta property=\"og:locale\" content=\"es_ES\" \/>\n<meta property=\"og:type\" content=\"article\" \/>\n<meta property=\"og:title\" content=\"C\u00f3mo elegir entre la instalaci\u00f3n de suelo vin\u00edlico PVC o Parquet laminado en Sabadell - FormaPavi\" \/>\n<meta property=\"og:description\" content=\"Se acerca las vacaciones de verano y muchas personas est\u00e1n pensando en realizar reformas en sus hogares; una de las principales decisiones que se debe debemos tomar es elegir entre la instalaci\u00f3n de suelo vin\u00edlico PVC o Parquet laminado en Sabadell. Es probable que nuestra decisi\u00f3n en principio este atada a nuestro presupuesto, no obstante, [&hellip;]\" \/>\n<meta property=\"og:url\" content=\"https:\/\/www.formapavi.com\/blog\/como-elegir-entre-la-instalacion-de-suelo-vinilico-pvc-o-parquet-laminado-en-sabadell\/\" \/>\n<meta property=\"og:site_name\" content=\"FormaPavi\" \/>\n<meta property=\"article:publisher\" content=\"https:\/\/www.facebook.com\/formapavi\/\" \/>\n<meta property=\"article:published_time\" content=\"2021-06-25T08:18:13+00:00\" \/>\n<meta property=\"article:modified_time\" content=\"2021-06-25T11:43:09+00:00\" \/>\n<meta property=\"og:image\" content=\"https:\/\/www.formapavi.com\/blog\/wp-content\/uploads\/2021\/06\/instalacion-suelo-vinilico-PVC-Parquet-laminado.jpg\" \/>\n\t<meta property=\"og:image:width\" content=\"1200\" \/>\n\t<meta property=\"og:image:height\" content=\"800\" \/>\n\t<meta property=\"og:image:type\" content=\"image\/jpeg\" \/>\n<meta name=\"author\" content=\"fomapavi\" \/>\n<meta name=\"twitter:card\" content=\"summary_large_image\" \/>\n<meta name=\"twitter:label1\" content=\"Escrito por\" \/>\n\t<meta name=\"twitter:data1\" content=\"fomapavi\" \/>\n\t<meta name=\"twitter:label2\" content=\"Tiempo de lectura\" \/>\n\t<meta name=\"twitter:data2\" content=\"2 minutos\" \/>\n<script type=\"application\/ld+json\" class=\"yoast-schema-graph\">{\"@context\":\"https:\/\/schema.org\",\"@graph\":[{\"@type\":\"Article\",\"@id\":\"https:\/\/www.formapavi.com\/blog\/como-elegir-entre-la-instalacion-de-suelo-vinilico-pvc-o-parquet-laminado-en-sabadell\/#article\",\"isPartOf\":{\"@id\":\"https:\/\/www.formapavi.com\/blog\/como-elegir-entre-la-instalacion-de-suelo-vinilico-pvc-o-parquet-laminado-en-sabadell\/\"},\"author\":{\"name\":\"fomapavi\",\"@id\":\"https:\/\/www.formapavi.com\/blog\/#\/schema\/person\/9fd2a7b1c6dc97054c9699ad4551e1e1\"},\"headline\":\"C\u00f3mo elegir entre la instalaci\u00f3n de suelo vin\u00edlico PVC o Parquet laminado en Sabadell\",\"datePublished\":\"2021-06-25T08:18:13+00:00\",\"dateModified\":\"2021-06-25T11:43:09+00:00\",\"mainEntityOfPage\":{\"@id\":\"https:\/\/www.formapavi.com\/blog\/como-elegir-entre-la-instalacion-de-suelo-vinilico-pvc-o-parquet-laminado-en-sabadell\/\"},\"wordCount\":402,\"commentCount\":0,\"publisher\":{\"@id\":\"https:\/\/www.formapavi.com\/blog\/#organization\"},\"image\":{\"@id\":\"https:\/\/www.formapavi.com\/blog\/como-elegir-entre-la-instalacion-de-suelo-vinilico-pvc-o-parquet-laminado-en-sabadell\/#primaryimage\"},\"thumbnailUrl\":\"https:\/\/www.formapavi.com\/blog\/wp-content\/uploads\/2021\/06\/instalacion-suelo-vinilico-PVC-Parquet-laminado.jpg\",\"keywords\":[\"instalaci\u00f3n de parquet\",\"instalaci\u00f3n de suelo\",\"parquet\",\"pavimento\",\"PVC\",\"Sabadell\",\"suelo vin\u00edlico\"],\"articleSection\":[\"Instalaci\u00f3n\",\"Parquet\",\"pavimento\",\"PVC\"],\"inLanguage\":\"es\",\"potentialAction\":[{\"@type\":\"CommentAction\",\"name\":\"Comment\",\"target\":[\"https:\/\/www.formapavi.com\/blog\/como-elegir-entre-la-instalacion-de-suelo-vinilico-pvc-o-parquet-laminado-en-sabadell\/#respond\"]}]},{\"@type\":\"WebPage\",\"@id\":\"https:\/\/www.formapavi.com\/blog\/como-elegir-entre-la-instalacion-de-suelo-vinilico-pvc-o-parquet-laminado-en-sabadell\/\",\"url\":\"https:\/\/www.formapavi.com\/blog\/como-elegir-entre-la-instalacion-de-suelo-vinilico-pvc-o-parquet-laminado-en-sabadell\/\",\"name\":\"C\u00f3mo elegir entre la instalaci\u00f3n de suelo vin\u00edlico PVC o Parquet laminado en Sabadell - FormaPavi\",\"isPartOf\":{\"@id\":\"https:\/\/www.formapavi.com\/blog\/#website\"},\"primaryImageOfPage\":{\"@id\":\"https:\/\/www.formapavi.com\/blog\/como-elegir-entre-la-instalacion-de-suelo-vinilico-pvc-o-parquet-laminado-en-sabadell\/#primaryimage\"},\"image\":{\"@id\":\"https:\/\/www.formapavi.com\/blog\/como-elegir-entre-la-instalacion-de-suelo-vinilico-pvc-o-parquet-laminado-en-sabadell\/#primaryimage\"},\"thumbnailUrl\":\"https:\/\/www.formapavi.com\/blog\/wp-content\/uploads\/2021\/06\/instalacion-suelo-vinilico-PVC-Parquet-laminado.jpg\",\"datePublished\":\"2021-06-25T08:18:13+00:00\",\"dateModified\":\"2021-06-25T11:43:09+00:00\",\"breadcrumb\":{\"@id\":\"https:\/\/www.formapavi.com\/blog\/como-elegir-entre-la-instalacion-de-suelo-vinilico-pvc-o-parquet-laminado-en-sabadell\/#breadcrumb\"},\"inLanguage\":\"es\",\"potentialAction\":[{\"@type\":\"ReadAction\",\"target\":[\"https:\/\/www.formapavi.com\/blog\/como-elegir-entre-la-instalacion-de-suelo-vinilico-pvc-o-parquet-laminado-en-sabadell\/\"]}]},{\"@type\":\"ImageObject\",\"inLanguage\":\"es\",\"@id\":\"https:\/\/www.formapavi.com\/blog\/como-elegir-entre-la-instalacion-de-suelo-vinilico-pvc-o-parquet-laminado-en-sabadell\/#primaryimage\",\"url\":\"https:\/\/www.formapavi.com\/blog\/wp-content\/uploads\/2021\/06\/instalacion-suelo-vinilico-PVC-Parquet-laminado.jpg\",\"contentUrl\":\"https:\/\/www.formapavi.com\/blog\/wp-content\/uploads\/2021\/06\/instalacion-suelo-vinilico-PVC-Parquet-laminado.jpg\",\"width\":1200,\"height\":800,\"caption\":\"legir entre la instalaci\u00f3n de suelo vin\u00edlico PVC o Parquet laminado\"},{\"@type\":\"BreadcrumbList\",\"@id\":\"https:\/\/www.formapavi.com\/blog\/como-elegir-entre-la-instalacion-de-suelo-vinilico-pvc-o-parquet-laminado-en-sabadell\/#breadcrumb\",\"itemListElement\":[{\"@type\":\"ListItem\",\"position\":1,\"name\":\"Portada\",\"item\":\"https:\/\/www.formapavi.com\/blog\/\"},{\"@type\":\"ListItem\",\"position\":2,\"name\":\"C\u00f3mo elegir entre la instalaci\u00f3n de suelo vin\u00edlico PVC o Parquet laminado en Sabadell\"}]},{\"@type\":\"WebSite\",\"@id\":\"https:\/\/www.formapavi.com\/blog\/#website\",\"url\":\"https:\/\/www.formapavi.com\/blog\/\",\"name\":\"Forma Pavi\",\"description\":\"Instalaci\u00f3n de parquet, moquetas, ...\",\"publisher\":{\"@id\":\"https:\/\/www.formapavi.com\/blog\/#organization\"},\"potentialAction\":[{\"@type\":\"SearchAction\",\"target\":{\"@type\":\"EntryPoint\",\"urlTemplate\":\"https:\/\/www.formapavi.com\/blog\/?s={search_term_string}\"},\"query-input\":{\"@type\":\"PropertyValueSpecification\",\"valueRequired\":true,\"valueName\":\"search_term_string\"}}],\"inLanguage\":\"es\"},{\"@type\":\"Organization\",\"@id\":\"https:\/\/www.formapavi.com\/blog\/#organization\",\"name\":\"FormaPavi\",\"url\":\"https:\/\/www.formapavi.com\/blog\/\",\"logo\":{\"@type\":\"ImageObject\",\"inLanguage\":\"es\",\"@id\":\"https:\/\/www.formapavi.com\/blog\/#\/schema\/logo\/image\/\",\"url\":\"https:\/\/www.formapavi.com\/blog\/wp-content\/uploads\/2024\/10\/logo-forma-pavi.jpg\",\"contentUrl\":\"https:\/\/www.formapavi.com\/blog\/wp-content\/uploads\/2024\/10\/logo-forma-pavi.jpg\",\"width\":105,\"height\":60,\"caption\":\"FormaPavi\"},\"image\":{\"@id\":\"https:\/\/www.formapavi.com\/blog\/#\/schema\/logo\/image\/\"},\"sameAs\":[\"https:\/\/www.facebook.com\/formapavi\/\",\"https:\/\/www.instagram.com\/formapavis.l\"]},{\"@type\":\"Person\",\"@id\":\"https:\/\/www.formapavi.com\/blog\/#\/schema\/person\/9fd2a7b1c6dc97054c9699ad4551e1e1\",\"name\":\"fomapavi\",\"image\":{\"@type\":\"ImageObject\",\"inLanguage\":\"es\",\"@id\":\"https:\/\/www.formapavi.com\/blog\/#\/schema\/person\/image\/\",\"url\":\"https:\/\/secure.gravatar.com\/avatar\/2a7daf6412e2cdf436ffa25dedfd26a8da1527bd77b9b621be11107a92108320?s=96&d=mm&r=g\",\"contentUrl\":\"https:\/\/secure.gravatar.com\/avatar\/2a7daf6412e2cdf436ffa25dedfd26a8da1527bd77b9b621be11107a92108320?s=96&d=mm&r=g\",\"caption\":\"fomapavi\"}}]}<\/script>\n<!-- \/ Yoast SEO plugin. -->","yoast_head_json":{"title":"C\u00f3mo elegir entre la instalaci\u00f3n de suelo vin\u00edlico PVC o Parquet laminado en Sabadell - FormaPavi","robots":{"index":"index","follow":"follow","max-snippet":"max-snippet:-1","max-image-preview":"max-image-preview:large","max-video-preview":"max-video-preview:-1"},"canonical":"https:\/\/www.formapavi.com\/blog\/como-elegir-entre-la-instalacion-de-suelo-vinilico-pvc-o-parquet-laminado-en-sabadell\/","og_locale":"es_ES","og_type":"article","og_title":"C\u00f3mo elegir entre la instalaci\u00f3n de suelo vin\u00edlico PVC o Parquet laminado en Sabadell - FormaPavi","og_description":"Se acerca las vacaciones de verano y muchas personas est\u00e1n pensando en realizar reformas en sus hogares; una de las principales decisiones que se debe debemos tomar es elegir entre la instalaci\u00f3n de suelo vin\u00edlico PVC o Parquet laminado en Sabadell. Es probable que nuestra decisi\u00f3n en principio este atada a nuestro presupuesto, no obstante, [&hellip;]","og_url":"https:\/\/www.formapavi.com\/blog\/como-elegir-entre-la-instalacion-de-suelo-vinilico-pvc-o-parquet-laminado-en-sabadell\/","og_site_name":"FormaPavi","article_publisher":"https:\/\/www.facebook.com\/formapavi\/","article_published_time":"2021-06-25T08:18:13+00:00","article_modified_time":"2021-06-25T11:43:09+00:00","og_image":[{"width":1200,"height":800,"url":"https:\/\/www.formapavi.com\/blog\/wp-content\/uploads\/2021\/06\/instalacion-suelo-vinilico-PVC-Parquet-laminado.jpg","type":"image\/jpeg"}],"author":"fomapavi","twitter_card":"summary_large_image","twitter_misc":{"Escrito por":"fomapavi","Tiempo de lectura":"2 minutos"},"schema":{"@context":"https:\/\/schema.org","@graph":[{"@type":"Article","@id":"https:\/\/www.formapavi.com\/blog\/como-elegir-entre-la-instalacion-de-suelo-vinilico-pvc-o-parquet-laminado-en-sabadell\/#article","isPartOf":{"@id":"https:\/\/www.formapavi.com\/blog\/como-elegir-entre-la-instalacion-de-suelo-vinilico-pvc-o-parquet-laminado-en-sabadell\/"},"author":{"name":"fomapavi","@id":"https:\/\/www.formapavi.com\/blog\/#\/schema\/person\/9fd2a7b1c6dc97054c9699ad4551e1e1"},"headline":"C\u00f3mo elegir entre la instalaci\u00f3n de suelo vin\u00edlico PVC o Parquet laminado en Sabadell","datePublished":"2021-06-25T08:18:13+00:00","dateModified":"2021-06-25T11:43:09+00:00","mainEntityOfPage":{"@id":"https:\/\/www.formapavi.com\/blog\/como-elegir-entre-la-instalacion-de-suelo-vinilico-pvc-o-parquet-laminado-en-sabadell\/"},"wordCount":402,"commentCount":0,"publisher":{"@id":"https:\/\/www.formapavi.com\/blog\/#organization"},"image":{"@id":"https:\/\/www.formapavi.com\/blog\/como-elegir-entre-la-instalacion-de-suelo-vinilico-pvc-o-parquet-laminado-en-sabadell\/#primaryimage"},"thumbnailUrl":"https:\/\/www.formapavi.com\/blog\/wp-content\/uploads\/2021\/06\/instalacion-suelo-vinilico-PVC-Parquet-laminado.jpg","keywords":["instalaci\u00f3n de parquet","instalaci\u00f3n de suelo","parquet","pavimento","PVC","Sabadell","suelo vin\u00edlico"],"articleSection":["Instalaci\u00f3n","Parquet","pavimento","PVC"],"inLanguage":"es","potentialAction":[{"@type":"CommentAction","name":"Comment","target":["https:\/\/www.formapavi.com\/blog\/como-elegir-entre-la-instalacion-de-suelo-vinilico-pvc-o-parquet-laminado-en-sabadell\/#respond"]}]},{"@type":"WebPage","@id":"https:\/\/www.formapavi.com\/blog\/como-elegir-entre-la-instalacion-de-suelo-vinilico-pvc-o-parquet-laminado-en-sabadell\/","url":"https:\/\/www.formapavi.com\/blog\/como-elegir-entre-la-instalacion-de-suelo-vinilico-pvc-o-parquet-laminado-en-sabadell\/","name":"C\u00f3mo elegir entre la instalaci\u00f3n de suelo vin\u00edlico PVC o Parquet laminado en Sabadell - FormaPavi","isPartOf":{"@id":"https:\/\/www.formapavi.com\/blog\/#website"},"primaryImageOfPage":{"@id":"https:\/\/www.formapavi.com\/blog\/como-elegir-entre-la-instalacion-de-suelo-vinilico-pvc-o-parquet-laminado-en-sabadell\/#primaryimage"},"image":{"@id":"https:\/\/www.formapavi.com\/blog\/como-elegir-entre-la-instalacion-de-suelo-vinilico-pvc-o-parquet-laminado-en-sabadell\/#primaryimage"},"thumbnailUrl":"https:\/\/www.formapavi.com\/blog\/wp-content\/uploads\/2021\/06\/instalacion-suelo-vinilico-PVC-Parquet-laminado.jpg","datePublished":"2021-06-25T08:18:13+00:00","dateModified":"2021-06-25T11:43:09+00:00","breadcrumb":{"@id":"https:\/\/www.formapavi.com\/blog\/como-elegir-entre-la-instalacion-de-suelo-vinilico-pvc-o-parquet-laminado-en-sabadell\/#breadcrumb"},"inLanguage":"es","potentialAction":[{"@type":"ReadAction","target":["https:\/\/www.formapavi.com\/blog\/como-elegir-entre-la-instalacion-de-suelo-vinilico-pvc-o-parquet-laminado-en-sabadell\/"]}]},{"@type":"ImageObject","inLanguage":"es","@id":"https:\/\/www.formapavi.com\/blog\/como-elegir-entre-la-instalacion-de-suelo-vinilico-pvc-o-parquet-laminado-en-sabadell\/#primaryimage","url":"https:\/\/www.formapavi.com\/blog\/wp-content\/uploads\/2021\/06\/instalacion-suelo-vinilico-PVC-Parquet-laminado.jpg","contentUrl":"https:\/\/www.formapavi.com\/blog\/wp-content\/uploads\/2021\/06\/instalacion-suelo-vinilico-PVC-Parquet-laminado.jpg","width":1200,"height":800,"caption":"legir entre la instalaci\u00f3n de suelo vin\u00edlico PVC o Parquet laminado"},{"@type":"BreadcrumbList","@id":"https:\/\/www.formapavi.com\/blog\/como-elegir-entre-la-instalacion-de-suelo-vinilico-pvc-o-parquet-laminado-en-sabadell\/#breadcrumb","itemListElement":[{"@type":"ListItem","position":1,"name":"Portada","item":"https:\/\/www.formapavi.com\/blog\/"},{"@type":"ListItem","position":2,"name":"C\u00f3mo elegir entre la instalaci\u00f3n de suelo vin\u00edlico PVC o Parquet laminado en Sabadell"}]},{"@type":"WebSite","@id":"https:\/\/www.formapavi.com\/blog\/#website","url":"https:\/\/www.formapavi.com\/blog\/","name":"Forma Pavi","description":"Instalaci\u00f3n de parquet, moquetas, ...","publisher":{"@id":"https:\/\/www.formapavi.com\/blog\/#organization"},"potentialAction":[{"@type":"SearchAction","target":{"@type":"EntryPoint","urlTemplate":"https:\/\/www.formapavi.com\/blog\/?s={search_term_string}"},"query-input":{"@type":"PropertyValueSpecification","valueRequired":true,"valueName":"search_term_string"}}],"inLanguage":"es"},{"@type":"Organization","@id":"https:\/\/www.formapavi.com\/blog\/#organization","name":"FormaPavi","url":"https:\/\/www.formapavi.com\/blog\/","logo":{"@type":"ImageObject","inLanguage":"es","@id":"https:\/\/www.formapavi.com\/blog\/#\/schema\/logo\/image\/","url":"https:\/\/www.formapavi.com\/blog\/wp-content\/uploads\/2024\/10\/logo-forma-pavi.jpg","contentUrl":"https:\/\/www.formapavi.com\/blog\/wp-content\/uploads\/2024\/10\/logo-forma-pavi.jpg","width":105,"height":60,"caption":"FormaPavi"},"image":{"@id":"https:\/\/www.formapavi.com\/blog\/#\/schema\/logo\/image\/"},"sameAs":["https:\/\/www.facebook.com\/formapavi\/","https:\/\/www.instagram.com\/formapavis.l"]},{"@type":"Person","@id":"https:\/\/www.formapavi.com\/blog\/#\/schema\/person\/9fd2a7b1c6dc97054c9699ad4551e1e1","name":"fomapavi","image":{"@type":"ImageObject","inLanguage":"es","@id":"https:\/\/www.formapavi.com\/blog\/#\/schema\/person\/image\/","url":"https:\/\/secure.gravatar.com\/avatar\/2a7daf6412e2cdf436ffa25dedfd26a8da1527bd77b9b621be11107a92108320?s=96&d=mm&r=g","contentUrl":"https:\/\/secure.gravatar.com\/avatar\/2a7daf6412e2cdf436ffa25dedfd26a8da1527bd77b9b621be11107a92108320?s=96&d=mm&r=g","caption":"fomapavi"}}]}},"_links":{"self":[{"href":"https:\/\/www.formapavi.com\/blog\/wp-json\/wp\/v2\/posts\/191","targetHints":{"allow":["GET"]}}],"collection":[{"href":"https:\/\/www.formapavi.com\/blog\/wp-json\/wp\/v2\/posts"}],"about":[{"href":"https:\/\/www.formapavi.com\/blog\/wp-json\/wp\/v2\/types\/post"}],"author":[{"embeddable":true,"href":"https:\/\/www.formapavi.com\/blog\/wp-json\/wp\/v2\/users\/1"}],"replies":[{"embeddable":true,"href":"https:\/\/www.formapavi.com\/blog\/wp-json\/wp\/v2\/comments?post=191"}],"version-history":[{"count":3,"href":"https:\/\/www.formapavi.com\/blog\/wp-json\/wp\/v2\/posts\/191\/revisions"}],"predecessor-version":[{"id":204,"href":"https:\/\/www.formapavi.com\/blog\/wp-json\/wp\/v2\/posts\/191\/revisions\/204"}],"wp:featuredmedia":[{"embeddable":true,"href":"https:\/\/www.formapavi.com\/blog\/wp-json\/wp\/v2\/media\/193"}],"wp:attachment":[{"href":"https:\/\/www.formapavi.com\/blog\/wp-json\/wp\/v2\/media?parent=191"}],"wp:term":[{"taxonomy":"category","embeddable":true,"href":"https:\/\/www.formapavi.com\/blog\/wp-json\/wp\/v2\/categories?post=191"},{"taxonomy":"post_tag","embeddable":true,"href":"https:\/\/www.formapavi.com\/blog\/wp-json\/wp\/v2\/tags?post=191"}],"curies":[{"name":"wp","href":"https:\/\/api.w.org\/{rel}","templated":true}]}}